{"id":810,"date":"2019-11-24T01:27:03","date_gmt":"2019-11-24T01:27:03","guid":{"rendered":"http:\/\/cruzdelsacrificio.com.ar\/novedades\/?p=810"},"modified":"2019-11-28T00:19:18","modified_gmt":"2019-11-28T00:19:18","slug":"3-congreso-provincial-de-estudiantes-de-enfermeria-cede-rio-cuarto","status":"publish","type":"post","link":"https:\/\/cruzdelsacrificio.com.ar\/novedades\/archivos\/810","title":{"rendered":"3\u00b0 Congreso Provincial de Estudiantes de Enfermer\u00eda. Sede R\u00edo Cuarto. 22-09-2019"},"content":{"rendered":"\n<p>Gran convocatoria de estudiantes de toda la provincia! Estudiantes de 2\u00b0 a\u00f1o de nuestra instituci\u00f3n , vivieron la experiencia de compartir este espacio de colaboraci\u00f3n y construcci\u00f3n de la identidad  en la profesi\u00f3n,    presentando  un proyecto en el eje tem\u00e1tico Practicas Profesionalizantes. <\/p>\n\n\n\n<figure class=\"wp-block-image\"><img loading=\"lazy\" decoding=\"async\" width=\"1024\" height=\"768\" src=\"http:\/\/cruzdelsacrificio.com.ar\/novedades\/wp-content\/uploads\/2019\/11\/IMG_20191122_092100-1024x768.jpg\" alt=\"\" class=\"wp-image-811\" srcset=\"https:\/\/cruzdelsacrificio.com.ar\/novedades\/wp-content\/uploads\/2019\/11\/IMG_20191122_092100-1024x768.jpg 1024w, https:\/\/cruzdelsacrificio.com.ar\/novedades\/wp-content\/uploads\/2019\/11\/IMG_20191122_092100-300x225.jpg 300w, https:\/\/cruzdelsacrificio.com.ar\/novedades\/wp-content\/uploads\/2019\/11\/IMG_20191122_092100-768x576.jpg 768w, https:\/\/cruzdelsacrificio.com.ar\/novedades\/wp-content\/uploads\/2019\/11\/IMG_20191122_092100-800x600.jpg 800w\" sizes=\"auto, (max-width: 1024px) 100vw, 1024px\" \/><figcaption>Despu\u00e9s del viaje de madrugada, las chicas se preparaban para estar presentables  para la presentaci\u00f3n  <\/figcaption><\/figure>\n\n\n\n<figure class=\"wp-block-image\"><img loading=\"lazy\" decoding=\"async\" width=\"1024\" height=\"768\" src=\"http:\/\/cruzdelsacrificio.com.ar\/novedades\/wp-content\/uploads\/2019\/11\/IMG_20191122_092112-1024x768.jpg\" alt=\"\" class=\"wp-image-812\" srcset=\"https:\/\/cruzdelsacrificio.com.ar\/novedades\/wp-content\/uploads\/2019\/11\/IMG_20191122_092112-1024x768.jpg 1024w, https:\/\/cruzdelsacrificio.com.ar\/novedades\/wp-content\/uploads\/2019\/11\/IMG_20191122_092112-300x225.jpg 300w, https:\/\/cruzdelsacrificio.com.ar\/novedades\/wp-content\/uploads\/2019\/11\/IMG_20191122_092112-768x576.jpg 768w, https:\/\/cruzdelsacrificio.com.ar\/novedades\/wp-content\/uploads\/2019\/11\/IMG_20191122_092112-800x600.jpg 800w\" sizes=\"auto, (max-width: 1024px) 100vw, 1024px\" \/><\/figure>\n\n\n\n<figure class=\"wp-block-image\"><img loading=\"lazy\" decoding=\"async\" width=\"1024\" height=\"768\" src=\"http:\/\/cruzdelsacrificio.com.ar\/novedades\/wp-content\/uploads\/2019\/11\/IMG_20191122_094017-1024x768.jpg\" alt=\"\" class=\"wp-image-813\" srcset=\"https:\/\/cruzdelsacrificio.com.ar\/novedades\/wp-content\/uploads\/2019\/11\/IMG_20191122_094017-1024x768.jpg 1024w, https:\/\/cruzdelsacrificio.com.ar\/novedades\/wp-content\/uploads\/2019\/11\/IMG_20191122_094017-300x225.jpg 300w, https:\/\/cruzdelsacrificio.com.ar\/novedades\/wp-content\/uploads\/2019\/11\/IMG_20191122_094017-768x576.jpg 768w, https:\/\/cruzdelsacrificio.com.ar\/novedades\/wp-content\/uploads\/2019\/11\/IMG_20191122_094017-800x600.jpg 800w\" sizes=\"auto, (max-width: 1024px) 100vw, 1024px\" \/><figcaption>Por supuesto !! no faltaron los docentes que acompa\u00f1aron, Gracias a Profesor Santiago Culcuy!<\/figcaption><\/figure>\n\n\n\n<figure class=\"wp-block-image\"><img loading=\"lazy\" decoding=\"async\" width=\"1024\" height=\"768\" src=\"http:\/\/cruzdelsacrificio.com.ar\/novedades\/wp-content\/uploads\/2019\/11\/IMG_20191122_095022-1024x768.jpg\" alt=\"\" class=\"wp-image-814\" srcset=\"https:\/\/cruzdelsacrificio.com.ar\/novedades\/wp-content\/uploads\/2019\/11\/IMG_20191122_095022-1024x768.jpg 1024w, https:\/\/cruzdelsacrificio.com.ar\/novedades\/wp-content\/uploads\/2019\/11\/IMG_20191122_095022-300x225.jpg 300w, https:\/\/cruzdelsacrificio.com.ar\/novedades\/wp-content\/uploads\/2019\/11\/IMG_20191122_095022-768x576.jpg 768w, https:\/\/cruzdelsacrificio.com.ar\/novedades\/wp-content\/uploads\/2019\/11\/IMG_20191122_095022-800x600.jpg 800w\" sizes=\"auto, (max-width: 1024px) 100vw, 1024px\" \/><\/figure>\n\n\n\n<figure class=\"wp-block-image\"><img loading=\"lazy\" decoding=\"async\" width=\"1024\" height=\"768\" src=\"http:\/\/cruzdelsacrificio.com.ar\/novedades\/wp-content\/uploads\/2019\/11\/IMG_20191122_091733-1024x768.jpg\" alt=\"\" class=\"wp-image-836\" srcset=\"https:\/\/cruzdelsacrificio.com.ar\/novedades\/wp-content\/uploads\/2019\/11\/IMG_20191122_091733-1024x768.jpg 1024w, https:\/\/cruzdelsacrificio.com.ar\/novedades\/wp-content\/uploads\/2019\/11\/IMG_20191122_091733-300x225.jpg 300w, https:\/\/cruzdelsacrificio.com.ar\/novedades\/wp-content\/uploads\/2019\/11\/IMG_20191122_091733-768x576.jpg 768w, https:\/\/cruzdelsacrificio.com.ar\/novedades\/wp-content\/uploads\/2019\/11\/IMG_20191122_091733-800x600.jpg 800w\" sizes=\"auto, (max-width: 1024px) 100vw, 1024px\" \/><figcaption>As\u00ed, estudiantes de la carrera de enfermer\u00eda nos daban la bienvenida !!<\/figcaption><\/figure>\n\n\n\n<figure class=\"wp-block-image\"><img loading=\"lazy\" decoding=\"async\" width=\"1024\" height=\"768\" src=\"http:\/\/cruzdelsacrificio.com.ar\/novedades\/wp-content\/uploads\/2019\/11\/IMG_20191122_102935-1024x768.jpg\" alt=\"\" class=\"wp-image-835\" srcset=\"https:\/\/cruzdelsacrificio.com.ar\/novedades\/wp-content\/uploads\/2019\/11\/IMG_20191122_102935-1024x768.jpg 1024w, https:\/\/cruzdelsacrificio.com.ar\/novedades\/wp-content\/uploads\/2019\/11\/IMG_20191122_102935-300x225.jpg 300w, https:\/\/cruzdelsacrificio.com.ar\/novedades\/wp-content\/uploads\/2019\/11\/IMG_20191122_102935-768x576.jpg 768w, https:\/\/cruzdelsacrificio.com.ar\/novedades\/wp-content\/uploads\/2019\/11\/IMG_20191122_102935-800x600.jpg 800w\" sizes=\"auto, (max-width: 1024px) 100vw, 1024px\" \/><\/figure>\n\n\n\n<figure class=\"wp-block-image\"><img loading=\"lazy\" decoding=\"async\" width=\"1024\" height=\"768\" src=\"http:\/\/cruzdelsacrificio.com.ar\/novedades\/wp-content\/uploads\/2019\/11\/IMG_20191122_100143-1024x768.jpg\" alt=\"\" class=\"wp-image-815\" srcset=\"https:\/\/cruzdelsacrificio.com.ar\/novedades\/wp-content\/uploads\/2019\/11\/IMG_20191122_100143-1024x768.jpg 1024w, https:\/\/cruzdelsacrificio.com.ar\/novedades\/wp-content\/uploads\/2019\/11\/IMG_20191122_100143-300x225.jpg 300w, https:\/\/cruzdelsacrificio.com.ar\/novedades\/wp-content\/uploads\/2019\/11\/IMG_20191122_100143-768x576.jpg 768w, https:\/\/cruzdelsacrificio.com.ar\/novedades\/wp-content\/uploads\/2019\/11\/IMG_20191122_100143-800x600.jpg 800w\" sizes=\"auto, (max-width: 1024px) 100vw, 1024px\" \/><\/figure>\n\n\n\n<figure class=\"wp-block-image\"><img loading=\"lazy\" decoding=\"async\" width=\"1024\" height=\"768\" src=\"http:\/\/cruzdelsacrificio.com.ar\/novedades\/wp-content\/uploads\/2019\/11\/IMG_20191122_121205-1024x768.jpg\" alt=\"\" class=\"wp-image-816\" srcset=\"https:\/\/cruzdelsacrificio.com.ar\/novedades\/wp-content\/uploads\/2019\/11\/IMG_20191122_121205-1024x768.jpg 1024w, https:\/\/cruzdelsacrificio.com.ar\/novedades\/wp-content\/uploads\/2019\/11\/IMG_20191122_121205-300x225.jpg 300w, https:\/\/cruzdelsacrificio.com.ar\/novedades\/wp-content\/uploads\/2019\/11\/IMG_20191122_121205-768x576.jpg 768w, https:\/\/cruzdelsacrificio.com.ar\/novedades\/wp-content\/uploads\/2019\/11\/IMG_20191122_121205-800x600.jpg 800w\" sizes=\"auto, (max-width: 1024px) 100vw, 1024px\" \/><figcaption>Tambi\u00e9n presente la Lic. Juana Moretti, brindando  calma y confianza .. <\/figcaption><\/figure>\n\n\n\n<figure class=\"wp-block-image\"><img loading=\"lazy\" decoding=\"async\" width=\"1024\" height=\"768\" src=\"http:\/\/cruzdelsacrificio.com.ar\/novedades\/wp-content\/uploads\/2019\/11\/IMG_20191122_121537-1024x768.jpg\" alt=\"\" class=\"wp-image-818\" srcset=\"https:\/\/cruzdelsacrificio.com.ar\/novedades\/wp-content\/uploads\/2019\/11\/IMG_20191122_121537-1024x768.jpg 1024w, https:\/\/cruzdelsacrificio.com.ar\/novedades\/wp-content\/uploads\/2019\/11\/IMG_20191122_121537-300x225.jpg 300w, https:\/\/cruzdelsacrificio.com.ar\/novedades\/wp-content\/uploads\/2019\/11\/IMG_20191122_121537-768x576.jpg 768w, https:\/\/cruzdelsacrificio.com.ar\/novedades\/wp-content\/uploads\/2019\/11\/IMG_20191122_121537-800x600.jpg 800w\" sizes=\"auto, (max-width: 1024px) 100vw, 1024px\" \/><figcaption>Preparados para empezar !!<\/figcaption><\/figure>\n\n\n\n<figure class=\"wp-block-image\"><img loading=\"lazy\" decoding=\"async\" width=\"1024\" height=\"768\" src=\"http:\/\/cruzdelsacrificio.com.ar\/novedades\/wp-content\/uploads\/2019\/11\/IMG_20191122_125304-1024x768.jpg\" alt=\"\" class=\"wp-image-837\" srcset=\"https:\/\/cruzdelsacrificio.com.ar\/novedades\/wp-content\/uploads\/2019\/11\/IMG_20191122_125304-1024x768.jpg 1024w, https:\/\/cruzdelsacrificio.com.ar\/novedades\/wp-content\/uploads\/2019\/11\/IMG_20191122_125304-300x225.jpg 300w, https:\/\/cruzdelsacrificio.com.ar\/novedades\/wp-content\/uploads\/2019\/11\/IMG_20191122_125304-768x576.jpg 768w, https:\/\/cruzdelsacrificio.com.ar\/novedades\/wp-content\/uploads\/2019\/11\/IMG_20191122_125304-800x600.jpg 800w\" sizes=\"auto, (max-width: 1024px) 100vw, 1024px\" \/><figcaption>Alumnos de la Carrera de Enfermer\u00eda de la UNRC,  abrieron las presentaciones con bailes de Folclore&#8230; <\/figcaption><\/figure>\n\n\n\n<figure class=\"wp-block-image\"><img loading=\"lazy\" decoding=\"async\" width=\"1024\" height=\"768\" src=\"http:\/\/cruzdelsacrificio.com.ar\/novedades\/wp-content\/uploads\/2019\/11\/IMG_20191122_152115-1024x768.jpg\" alt=\"\" class=\"wp-image-819\" srcset=\"https:\/\/cruzdelsacrificio.com.ar\/novedades\/wp-content\/uploads\/2019\/11\/IMG_20191122_152115-1024x768.jpg 1024w, https:\/\/cruzdelsacrificio.com.ar\/novedades\/wp-content\/uploads\/2019\/11\/IMG_20191122_152115-300x225.jpg 300w, https:\/\/cruzdelsacrificio.com.ar\/novedades\/wp-content\/uploads\/2019\/11\/IMG_20191122_152115-768x576.jpg 768w, https:\/\/cruzdelsacrificio.com.ar\/novedades\/wp-content\/uploads\/2019\/11\/IMG_20191122_152115-800x600.jpg 800w\" sizes=\"auto, (max-width: 1024px) 100vw, 1024px\" \/><figcaption>Roxana Nasif, representando a toda su comisi\u00f3n <\/figcaption><\/figure>\n\n\n\n<figure class=\"wp-block-image\"><img loading=\"lazy\" decoding=\"async\" width=\"1024\" height=\"768\" src=\"http:\/\/cruzdelsacrificio.com.ar\/novedades\/wp-content\/uploads\/2019\/11\/IMG_20191122_152159-1024x768.jpg\" alt=\"\" class=\"wp-image-820\" srcset=\"https:\/\/cruzdelsacrificio.com.ar\/novedades\/wp-content\/uploads\/2019\/11\/IMG_20191122_152159-1024x768.jpg 1024w, https:\/\/cruzdelsacrificio.com.ar\/novedades\/wp-content\/uploads\/2019\/11\/IMG_20191122_152159-300x225.jpg 300w, https:\/\/cruzdelsacrificio.com.ar\/novedades\/wp-content\/uploads\/2019\/11\/IMG_20191122_152159-768x576.jpg 768w, https:\/\/cruzdelsacrificio.com.ar\/novedades\/wp-content\/uploads\/2019\/11\/IMG_20191122_152159-800x600.jpg 800w\" sizes=\"auto, (max-width: 1024px) 100vw, 1024px\" \/><figcaption>Gran Disertaci\u00f3n.. APLAUSOS ! <\/figcaption><\/figure>\n\n\n\n<figure class=\"wp-block-image\"><img loading=\"lazy\" decoding=\"async\" width=\"1024\" height=\"768\" src=\"http:\/\/cruzdelsacrificio.com.ar\/novedades\/wp-content\/uploads\/2019\/11\/IMG_20191122_162139-1024x768.jpg\" alt=\"\" class=\"wp-image-821\" srcset=\"https:\/\/cruzdelsacrificio.com.ar\/novedades\/wp-content\/uploads\/2019\/11\/IMG_20191122_162139-1024x768.jpg 1024w, https:\/\/cruzdelsacrificio.com.ar\/novedades\/wp-content\/uploads\/2019\/11\/IMG_20191122_162139-300x225.jpg 300w, https:\/\/cruzdelsacrificio.com.ar\/novedades\/wp-content\/uploads\/2019\/11\/IMG_20191122_162139-768x576.jpg 768w, https:\/\/cruzdelsacrificio.com.ar\/novedades\/wp-content\/uploads\/2019\/11\/IMG_20191122_162139-800x600.jpg 800w\" sizes=\"auto, (max-width: 1024px) 100vw, 1024px\" \/><figcaption>&#8230;.y no falt\u00f3 el picknic matero, con la Profesora Lic. Ang\u00e9lica Oliva Cano !<\/figcaption><\/figure>\n\n\n\n<figure class=\"wp-block-image\"><img loading=\"lazy\" decoding=\"async\" width=\"1024\" height=\"768\" src=\"http:\/\/cruzdelsacrificio.com.ar\/novedades\/wp-content\/uploads\/2019\/11\/IMG_20191122_162211-1024x768.jpg\" alt=\"\" class=\"wp-image-822\" srcset=\"https:\/\/cruzdelsacrificio.com.ar\/novedades\/wp-content\/uploads\/2019\/11\/IMG_20191122_162211-1024x768.jpg 1024w, https:\/\/cruzdelsacrificio.com.ar\/novedades\/wp-content\/uploads\/2019\/11\/IMG_20191122_162211-300x225.jpg 300w, https:\/\/cruzdelsacrificio.com.ar\/novedades\/wp-content\/uploads\/2019\/11\/IMG_20191122_162211-768x576.jpg 768w, https:\/\/cruzdelsacrificio.com.ar\/novedades\/wp-content\/uploads\/2019\/11\/IMG_20191122_162211-800x600.jpg 800w\" sizes=\"auto, (max-width: 1024px) 100vw, 1024px\" \/><\/figure>\n\n\n\n<figure class=\"wp-block-image\"><img loading=\"lazy\" decoding=\"async\" width=\"1024\" height=\"768\" src=\"http:\/\/cruzdelsacrificio.com.ar\/novedades\/wp-content\/uploads\/2019\/11\/IMG_20191122_121538-1024x768.jpg\" alt=\"\" class=\"wp-image-823\" srcset=\"https:\/\/cruzdelsacrificio.com.ar\/novedades\/wp-content\/uploads\/2019\/11\/IMG_20191122_121538-1024x768.jpg 1024w, https:\/\/cruzdelsacrificio.com.ar\/novedades\/wp-content\/uploads\/2019\/11\/IMG_20191122_121538-300x225.jpg 300w, https:\/\/cruzdelsacrificio.com.ar\/novedades\/wp-content\/uploads\/2019\/11\/IMG_20191122_121538-768x576.jpg 768w, https:\/\/cruzdelsacrificio.com.ar\/novedades\/wp-content\/uploads\/2019\/11\/IMG_20191122_121538-800x600.jpg 800w\" sizes=\"auto, (max-width: 1024px) 100vw, 1024px\" \/><\/figure>\n\n\n\n<figure class=\"wp-block-image\"><img loading=\"lazy\" decoding=\"async\" width=\"1024\" height=\"768\" src=\"http:\/\/cruzdelsacrificio.com.ar\/novedades\/wp-content\/uploads\/2019\/11\/IMG_20191122_095232-1024x768.jpg\" alt=\"\" class=\"wp-image-826\" srcset=\"https:\/\/cruzdelsacrificio.com.ar\/novedades\/wp-content\/uploads\/2019\/11\/IMG_20191122_095232-1024x768.jpg 1024w, https:\/\/cruzdelsacrificio.com.ar\/novedades\/wp-content\/uploads\/2019\/11\/IMG_20191122_095232-300x225.jpg 300w, https:\/\/cruzdelsacrificio.com.ar\/novedades\/wp-content\/uploads\/2019\/11\/IMG_20191122_095232-768x576.jpg 768w, https:\/\/cruzdelsacrificio.com.ar\/novedades\/wp-content\/uploads\/2019\/11\/IMG_20191122_095232-800x600.jpg 800w\" sizes=\"auto, (max-width: 1024px) 100vw, 1024px\" \/><\/figure>\n\n\n\n<figure class=\"wp-block-image\"><img loading=\"lazy\" decoding=\"async\" width=\"1024\" height=\"768\" src=\"http:\/\/cruzdelsacrificio.com.ar\/novedades\/wp-content\/uploads\/2019\/11\/IMG_20191122_131939-1024x768.jpg\" alt=\"\" class=\"wp-image-827\" srcset=\"https:\/\/cruzdelsacrificio.com.ar\/novedades\/wp-content\/uploads\/2019\/11\/IMG_20191122_131939-1024x768.jpg 1024w, https:\/\/cruzdelsacrificio.com.ar\/novedades\/wp-content\/uploads\/2019\/11\/IMG_20191122_131939-300x225.jpg 300w, https:\/\/cruzdelsacrificio.com.ar\/novedades\/wp-content\/uploads\/2019\/11\/IMG_20191122_131939-768x576.jpg 768w, https:\/\/cruzdelsacrificio.com.ar\/novedades\/wp-content\/uploads\/2019\/11\/IMG_20191122_131939-800x600.jpg 800w\" sizes=\"auto, (max-width: 1024px) 100vw, 1024px\" \/><figcaption>Tampoco falt\u00f3 la charla amena en el almuerzo, llena de alegr\u00eda,  risas y comentarios &#8230;<\/figcaption><\/figure>\n\n\n\n<figure class=\"wp-block-image\"><img loading=\"lazy\" decoding=\"async\" width=\"1024\" height=\"768\" src=\"http:\/\/cruzdelsacrificio.com.ar\/novedades\/wp-content\/uploads\/2019\/11\/IMG_20191122_123103-1024x768.jpg\" alt=\"\" class=\"wp-image-828\" srcset=\"https:\/\/cruzdelsacrificio.com.ar\/novedades\/wp-content\/uploads\/2019\/11\/IMG_20191122_123103-1024x768.jpg 1024w, https:\/\/cruzdelsacrificio.com.ar\/novedades\/wp-content\/uploads\/2019\/11\/IMG_20191122_123103-300x225.jpg 300w, https:\/\/cruzdelsacrificio.com.ar\/novedades\/wp-content\/uploads\/2019\/11\/IMG_20191122_123103-768x576.jpg 768w, https:\/\/cruzdelsacrificio.com.ar\/novedades\/wp-content\/uploads\/2019\/11\/IMG_20191122_123103-800x600.jpg 800w\" sizes=\"auto, (max-width: 1024px) 100vw, 1024px\" \/><\/figure>\n\n\n\n<figure class=\"wp-block-image\"><img loading=\"lazy\" decoding=\"async\" width=\"1024\" height=\"768\" src=\"http:\/\/cruzdelsacrificio.com.ar\/novedades\/wp-content\/uploads\/2019\/11\/IMG_20191122_123051-1024x768.jpg\" alt=\"\" class=\"wp-image-832\" srcset=\"https:\/\/cruzdelsacrificio.com.ar\/novedades\/wp-content\/uploads\/2019\/11\/IMG_20191122_123051-1024x768.jpg 1024w, https:\/\/cruzdelsacrificio.com.ar\/novedades\/wp-content\/uploads\/2019\/11\/IMG_20191122_123051-300x225.jpg 300w, https:\/\/cruzdelsacrificio.com.ar\/novedades\/wp-content\/uploads\/2019\/11\/IMG_20191122_123051-768x576.jpg 768w, https:\/\/cruzdelsacrificio.com.ar\/novedades\/wp-content\/uploads\/2019\/11\/IMG_20191122_123051-800x600.jpg 800w\" sizes=\"auto, (max-width: 1024px) 100vw, 1024px\" \/><\/figure>\n\n\n\n<figure class=\"wp-block-image\"><img loading=\"lazy\" decoding=\"async\" width=\"1024\" height=\"768\" src=\"http:\/\/cruzdelsacrificio.com.ar\/novedades\/wp-content\/uploads\/2019\/11\/IMG_20191122_182531-1024x768.jpg\" alt=\"\" class=\"wp-image-839\" srcset=\"https:\/\/cruzdelsacrificio.com.ar\/novedades\/wp-content\/uploads\/2019\/11\/IMG_20191122_182531-1024x768.jpg 1024w, https:\/\/cruzdelsacrificio.com.ar\/novedades\/wp-content\/uploads\/2019\/11\/IMG_20191122_182531-300x225.jpg 300w, https:\/\/cruzdelsacrificio.com.ar\/novedades\/wp-content\/uploads\/2019\/11\/IMG_20191122_182531-768x576.jpg 768w, https:\/\/cruzdelsacrificio.com.ar\/novedades\/wp-content\/uploads\/2019\/11\/IMG_20191122_182531-800x600.jpg 800w\" sizes=\"auto, (max-width: 1024px) 100vw, 1024px\" \/><figcaption>y el cierre de Jornada, tambi\u00e9n tuvo su presentaci\u00f3n art\u00edstica ..  Alumnos de la carrera de Enfermer\u00eda de UNRC, bailaron Bachata !!!<\/figcaption><\/figure>\n\n\n\n<figure class=\"wp-block-image\"><img loading=\"lazy\" decoding=\"async\" width=\"768\" height=\"1024\" src=\"http:\/\/cruzdelsacrificio.com.ar\/novedades\/wp-content\/uploads\/2019\/11\/IMG-20191123-WA0046-1-768x1024.jpg\" alt=\"\" class=\"wp-image-842\" srcset=\"https:\/\/cruzdelsacrificio.com.ar\/novedades\/wp-content\/uploads\/2019\/11\/IMG-20191123-WA0046-1-768x1024.jpg 768w, https:\/\/cruzdelsacrificio.com.ar\/novedades\/wp-content\/uploads\/2019\/11\/IMG-20191123-WA0046-1-225x300.jpg 225w, https:\/\/cruzdelsacrificio.com.ar\/novedades\/wp-content\/uploads\/2019\/11\/IMG-20191123-WA0046-1-600x800.jpg 600w, https:\/\/cruzdelsacrificio.com.ar\/novedades\/wp-content\/uploads\/2019\/11\/IMG-20191123-WA0046-1.jpg 780w\" sizes=\"auto, (max-width: 768px) 100vw, 768px\" \/><figcaption>y  con mucha suerte,  volvieron con regalitos !!! <\/figcaption><\/figure>\n\n\n\n<figure class=\"wp-block-image\"><img loading=\"lazy\" decoding=\"async\" width=\"768\" height=\"1024\" src=\"http:\/\/cruzdelsacrificio.com.ar\/novedades\/wp-content\/uploads\/2019\/11\/IMG-20191123-WA0047-768x1024.jpg\" alt=\"\" class=\"wp-image-844\" srcset=\"https:\/\/cruzdelsacrificio.com.ar\/novedades\/wp-content\/uploads\/2019\/11\/IMG-20191123-WA0047-768x1024.jpg 768w, https:\/\/cruzdelsacrificio.com.ar\/novedades\/wp-content\/uploads\/2019\/11\/IMG-20191123-WA0047-225x300.jpg 225w, https:\/\/cruzdelsacrificio.com.ar\/novedades\/wp-content\/uploads\/2019\/11\/IMG-20191123-WA0047-600x800.jpg 600w, https:\/\/cruzdelsacrificio.com.ar\/novedades\/wp-content\/uploads\/2019\/11\/IMG-20191123-WA0047.jpg 780w\" sizes=\"auto, (max-width: 768px) 100vw, 768px\" \/><\/figure>\n","protected":false},"excerpt":{"rendered":"<p>Gran convocatoria de estudiantes de toda la provincia! Estudiantes de 2\u00b0 a\u00f1o de nuestra instituci\u00f3n , vivieron la experiencia de compartir este espacio de colaboraci\u00f3n&hellip;<\/p>\n","protected":false},"author":5,"featured_media":0,"comment_status":"open","ping_status":"open","sticky":false,"template":"","format":"standard","meta":{"footnotes":""},"categories":[1],"tags":[],"class_list":["post-810","post","type-post","status-publish","format-standard","hentry","category-general"],"_links":{"self":[{"href":"https:\/\/cruzdelsacrificio.com.ar\/novedades\/wp-json\/wp\/v2\/posts\/810","targetHints":{"allow":["GET"]}}],"collection":[{"href":"https:\/\/cruzdelsacrificio.com.ar\/novedades\/wp-json\/wp\/v2\/posts"}],"about":[{"href":"https:\/\/cruzdelsacrificio.com.ar\/novedades\/wp-json\/wp\/v2\/types\/post"}],"author":[{"embeddable":true,"href":"https:\/\/cruzdelsacrificio.com.ar\/novedades\/wp-json\/wp\/v2\/users\/5"}],"replies":[{"embeddable":true,"href":"https:\/\/cruzdelsacrificio.com.ar\/novedades\/wp-json\/wp\/v2\/comments?post=810"}],"version-history":[{"count":6,"href":"https:\/\/cruzdelsacrificio.com.ar\/novedades\/wp-json\/wp\/v2\/posts\/810\/revisions"}],"predecessor-version":[{"id":846,"href":"https:\/\/cruzdelsacrificio.com.ar\/novedades\/wp-json\/wp\/v2\/posts\/810\/revisions\/846"}],"wp:attachment":[{"href":"https:\/\/cruzdelsacrificio.com.ar\/novedades\/wp-json\/wp\/v2\/media?parent=810"}],"wp:term":[{"taxonomy":"category","embeddable":true,"href":"https:\/\/cruzdelsacrificio.com.ar\/novedades\/wp-json\/wp\/v2\/categories?post=810"},{"taxonomy":"post_tag","embeddable":true,"href":"https:\/\/cruzdelsacrificio.com.ar\/novedades\/wp-json\/wp\/v2\/tags?post=810"}],"curies":[{"name":"wp","href":"https:\/\/api.w.org\/{rel}","templated":true}]}}